{"id":6033,"date":"2022-11-11T10:41:52","date_gmt":"2022-11-11T09:41:52","guid":{"rendered":"https:\/\/eurocc.nscc.sk\/?p=6033"},"modified":"2022-11-11T10:41:52","modified_gmt":"2022-11-11T09:41:52","slug":"devana-je-uz-doma-vo-vypoctovom-stredisku-sav","status":"publish","type":"post","link":"https:\/\/eurocc.nscc.sk\/en\/devana-je-uz-doma-vo-vypoctovom-stredisku-sav\/","title":{"rendered":"<strong>Devana Is Already \u201cHome\u201d in the Sas Computing Centre<\/strong>"},"content":{"rendered":"<div class=\"is-layout-flow wp-block-group alignfull posts-all\"><div class=\"wp-block-group__inner-container\">\n<div class=\"is-layout-flex wp-container-4 wp-block-columns\">\n<div class=\"is-layout-flow wp-block-column\" style=\"flex-basis:60%\">\n<div class=\"is-layout-flow wp-block-group alignfull\"><div class=\"wp-block-group__inner-container\">\n<h5 class=\"post-h\">Devana Is Already \u201cHome\u201d in the Sas Computing Centre<\/h5>\n<\/div><\/div>\n\n\n\n<p><strong>On the 10th and 11th of November, the physical installation of the new Devana HPC system is taking place on the premises of the Slovak Academy of Sciences at Bratislava's Patr\u00f3nka. Slovak users had to wait for a long time for a replacement of Aurel, the first Slovak supercomputer. <\/strong><\/p>\n<\/div>\n\n\n\n<div class=\"is-layout-flow wp-block-column\">\n<figure class=\"wp-block-image alignwide size-large\"><a href=\"https:\/\/eurocc.nscc.sk\/wp-content\/uploads\/2022\/11\/20221110_175818-scaled.jpg\"><img decoding=\"async\" loading=\"lazy\" width=\"1024\" height=\"656\" src=\"https:\/\/eurocc.nscc.sk\/wp-content\/uploads\/2022\/11\/20221110_175818-1024x656.jpg\" alt=\"\" class=\"wp-image-6038\" srcset=\"https:\/\/eurocc.nscc.sk\/wp-content\/uploads\/2022\/11\/20221110_175818-1024x656.jpg 1024w, https:\/\/eurocc.nscc.sk\/wp-content\/uploads\/2022\/11\/20221110_175818-300x192.jpg 300w, https:\/\/eurocc.nscc.sk\/wp-content\/uploads\/2022\/11\/20221110_175818-768x492.jpg 768w, https:\/\/eurocc.nscc.sk\/wp-content\/uploads\/2022\/11\/20221110_175818-1536x984.jpg 1536w, https:\/\/eurocc.nscc.sk\/wp-content\/uploads\/2022\/11\/20221110_175818-2048x1312.jpg 2048w, https:\/\/eurocc.nscc.sk\/wp-content\/uploads\/2022\/11\/20221110_175818-18x12.jpg 18w, https:\/\/eurocc.nscc.sk\/wp-content\/uploads\/2022\/11\/20221110_175818-1200x769.jpg 1200w, https:\/\/eurocc.nscc.sk\/wp-content\/uploads\/2022\/11\/20221110_175818-1980x1268.jpg 1980w\" sizes=\"(max-width: 1024px) 100vw, 1024px\" \/><\/a><figcaption class=\"wp-element-caption\">         <\/figcaption><\/figure>\n<\/div>\n<\/div>\n\n\n\n<p>The so-called phasing, i.e. the renewal of the HPC infrastructure so that the life cycles of at least 2 systems overlap, is a common tool for ensuring the continuous availability of adequate computing resources for users. In Slovakia, however, since 2014, when the Aurel supercomputer was expanded, a significant investment debt has arisen in this area. Aurel, which has been shut down since April 2021, will be replaced by Devana, which we want to make available before the end of the year.<\/p>\n\n\n\n<p>You can find a comparison of Aurel and Devana parameters in this year's issue <a href=\"https:\/\/vs.sav.sk\/magazine\/issues\/magazine_202201_print.pdf\"><strong>HPC Focus.<\/strong><\/a><\/p>\n\n\n<div class=\"wp-block-image\">\n<figure class=\"aligncenter size-large is-resized\"><img decoding=\"async\" loading=\"lazy\" src=\"https:\/\/eurocc.nscc.sk\/wp-content\/uploads\/2022\/11\/dev_aurel_comp_new-1024x559.png\" alt=\"\" class=\"wp-image-6046\" width=\"512\" height=\"280\" srcset=\"https:\/\/eurocc.nscc.sk\/wp-content\/uploads\/2022\/11\/dev_aurel_comp_new-1024x559.png 1024w, https:\/\/eurocc.nscc.sk\/wp-content\/uploads\/2022\/11\/dev_aurel_comp_new-300x164.png 300w, https:\/\/eurocc.nscc.sk\/wp-content\/uploads\/2022\/11\/dev_aurel_comp_new-768x419.png 768w, https:\/\/eurocc.nscc.sk\/wp-content\/uploads\/2022\/11\/dev_aurel_comp_new-1536x838.png 1536w, https:\/\/eurocc.nscc.sk\/wp-content\/uploads\/2022\/11\/dev_aurel_comp_new-2048x1117.png 2048w, https:\/\/eurocc.nscc.sk\/wp-content\/uploads\/2022\/11\/dev_aurel_comp_new-18x10.png 18w, https:\/\/eurocc.nscc.sk\/wp-content\/uploads\/2022\/11\/dev_aurel_comp_new-1200x655.png 1200w, https:\/\/eurocc.nscc.sk\/wp-content\/uploads\/2022\/11\/dev_aurel_comp_new-1980x1080.png 1980w\" sizes=\"(max-width: 512px) 100vw, 512px\" \/><\/figure><\/div>\n\n\n<p><strong>Who will be able to use Devana supercomputer?<\/strong><\/p>\n\n\n\n<p>Scientists and researchers from Slovak universities and SAS institutes will be able to apply for free access, computing capacity will be allocated to individual projects in a grant competition with peer-review assessment.<\/p>\n\n\n\n<p>There is an offer of cooperation with the National Competence Center for HPC available especially for small and medium-sized enterprises and the possibility of implementing free pilot and proof-of-concept projects with the help of experts.<\/p>\n\n\n\n<p>The computing resources will also be available commercially.<\/p>\n\n\n\n<p><strong>When will Devana be available to users?<\/strong><\/p>\n\n\n\n<p>Installation and thorough testing of the system will take place in the coming weeks. In December, we plan to launch the possibility of submitting the projects for testing and benchmarking. The first call for standard projects will be published early next year.<\/p>\n\n\n\n<p>Text: Lucia Demovi\u010dov\u00e1<\/p>\n\n\n\n<div class=\"is-horizontal is-content-justification-center is-layout-flex wp-container-5 wp-block-buttons\">\n<div class=\"wp-block-button\"><a class=\"wp-block-button__link wp-element-button\" href=\"https:\/\/eurocc.nscc.sk\/en\/news\/\">NEWS<\/a><\/div>\n<\/div>\n\n\n<div class=\"display-posts-listing grid\"><div class=\"listing-item\"><a class=\"image\" href=\"https:\/\/eurocc.nscc.sk\/en\/strategicky-rozvoj-a-internacionalizacia\/\"><img width=\"300\" height=\"169\" src=\"https:\/\/eurocc.nscc.sk\/wp-content\/uploads\/2026\/04\/jh-300x169.jpg\" class=\"attachment-medium size-medium wp-post-image\" alt=\"\" decoding=\"async\" loading=\"lazy\" srcset=\"https:\/\/eurocc.nscc.sk\/wp-content\/uploads\/2026\/04\/jh-300x169.jpg 300w, https:\/\/eurocc.nscc.sk\/wp-content\/uploads\/2026\/04\/jh-768x432.jpg 768w, https:\/\/eurocc.nscc.sk\/wp-content\/uploads\/2026\/04\/jh-18x10.jpg 18w, https:\/\/eurocc.nscc.sk\/wp-content\/uploads\/2026\/04\/jh.jpg 800w\" sizes=\"(max-width: 300px) 100vw, 300px\" \/><\/a> <a class=\"title\" href=\"https:\/\/eurocc.nscc.sk\/en\/strategicky-rozvoj-a-internacionalizacia\/\">Strategick\u00fd rozvoj a internacionaliz\u00e1cia<\/a> <span class=\"date\">30 Apr<\/span> <span class=\"excerpt-dash\">-<\/span> <span class=\"excerpt\">N\u00e1rodn\u00e9 superpo\u010d\u00edta\u010dov\u00e9 centrum (NSCC) nav\u0161t\u00edvil Jari H\u00e4m\u00e4l\u00e4inen, uzn\u00e1van\u00fd f\u00ednsky expert a poradca rektora Slovenskej technickej univerzity v Bratislave (STU) pre strategick\u00fd rozvoj a internacionaliz\u00e1ciu. Stretnutie s projektovou koordin\u00e1torkou NSCC, Luciou Mal\u00ed\u010dkovou, otvorilo dvere novej \u00farovni spolupr\u00e1ce medzi akademickou sf\u00e9rou a \u0161pi\u010dkovou v\u00fdpo\u010dtovou infra\u0161trukt\u00farou.<\/span><\/div><div class=\"listing-item\"><a class=\"image\" href=\"https:\/\/eurocc.nscc.sk\/en\/umela-inteligencia-a-superpocitac-ako-nova-zbran-proti-ekologickym-havariam\/\"><img width=\"300\" height=\"164\" src=\"https:\/\/eurocc.nscc.sk\/wp-content\/uploads\/2026\/03\/kl-300x164.png\" class=\"attachment-medium size-medium wp-post-image\" alt=\"\" decoding=\"async\" loading=\"lazy\" srcset=\"https:\/\/eurocc.nscc.sk\/wp-content\/uploads\/2026\/03\/kl-300x164.png 300w, https:\/\/eurocc.nscc.sk\/wp-content\/uploads\/2026\/03\/kl-768x420.png 768w, https:\/\/eurocc.nscc.sk\/wp-content\/uploads\/2026\/03\/kl-18x10.png 18w, https:\/\/eurocc.nscc.sk\/wp-content\/uploads\/2026\/03\/kl.png 908w\" sizes=\"(max-width: 300px) 100vw, 300px\" \/><\/a> <a class=\"title\" href=\"https:\/\/eurocc.nscc.sk\/en\/umela-inteligencia-a-superpocitac-ako-nova-zbran-proti-ekologickym-havariam\/\"><strong>Artificial Intelligence and a Supercomputer as a New Weapon Against Environmental Disasters<\/strong><\/a> <span class=\"date\">26 Mar<\/span> <span class=\"excerpt-dash\">-<\/span> <span class=\"excerpt\">Scientists from Nitra, Slovakia are teaching machines to predict industrial failures before they can cause damage. Thanks to collaboration with the European supercomputer LUMI, they have developed a digital \u201cguardian\u201d capable of detecting pipeline leaks or manufacturing faults with high accuracy\u2014helping protect both the environment and companies\u2019 budgets.<\/span><\/div><div class=\"listing-item\"><a class=\"image\" href=\"https:\/\/eurocc.nscc.sk\/en\/slovensky-recept-na-ferove-hry-a-spokojnejsich-hracov\/\"><img width=\"300\" height=\"164\" src=\"https:\/\/eurocc.nscc.sk\/wp-content\/uploads\/2026\/03\/lm-300x164.png\" class=\"attachment-medium size-medium wp-post-image\" alt=\"\" decoding=\"async\" loading=\"lazy\" srcset=\"https:\/\/eurocc.nscc.sk\/wp-content\/uploads\/2026\/03\/lm-300x164.png 300w, https:\/\/eurocc.nscc.sk\/wp-content\/uploads\/2026\/03\/lm-768x420.png 768w, https:\/\/eurocc.nscc.sk\/wp-content\/uploads\/2026\/03\/lm-18x10.png 18w, https:\/\/eurocc.nscc.sk\/wp-content\/uploads\/2026\/03\/lm.png 908w\" sizes=\"(max-width: 300px) 100vw, 300px\" \/><\/a> <a class=\"title\" href=\"https:\/\/eurocc.nscc.sk\/en\/slovensky-recept-na-ferove-hry-a-spokojnejsich-hracov\/\"><strong>The Slovak Recipe for Fair Play and Happier Players<\/strong><\/a> <span class=\"date\">25 Mar<\/span> <span class=\"excerpt-dash\">-<\/span> <span class=\"excerpt\">Do you play games on your phone and sometimes feel like the game just doesn\u2019t understand you? Experts from Nitra, Slovakia, have used one of Europe\u2019s most powerful supercomputers to change that. Thanks to the Italian giant named Leonardo, they discovered how to read between the lines of player behavior and make the gaming experience more personal and fair.<\/span><\/div><\/div>\n<\/div><\/div>","protected":false},"excerpt":{"rendered":"<p>On the 10th and 11th of November, the physical installation of the new Devana HPC system is taking place on the premises of the Slovak Academy of Sciences at Bratislava's Patr\u00f3nka. Slovak users had to wait for a long time for a replacement of Aurel, the first Slovak supercomputer. <\/p>","protected":false},"author":2,"featured_media":6042,"comment_status":"closed","ping_status":"closed","sticky":false,"template":"templates\/template-full-width.php","format":"standard","meta":[],"categories":[1],"tags":[],"_links":{"self":[{"href":"https:\/\/eurocc.nscc.sk\/en\/wp-json\/wp\/v2\/posts\/6033"}],"collection":[{"href":"https:\/\/eurocc.nscc.sk\/en\/wp-json\/wp\/v2\/posts"}],"about":[{"href":"https:\/\/eurocc.nscc.sk\/en\/wp-json\/wp\/v2\/types\/post"}],"author":[{"embeddable":true,"href":"https:\/\/eurocc.nscc.sk\/en\/wp-json\/wp\/v2\/users\/2"}],"replies":[{"embeddable":true,"href":"https:\/\/eurocc.nscc.sk\/en\/wp-json\/wp\/v2\/comments?post=6033"}],"version-history":[{"count":9,"href":"https:\/\/eurocc.nscc.sk\/en\/wp-json\/wp\/v2\/posts\/6033\/revisions"}],"predecessor-version":[{"id":6056,"href":"https:\/\/eurocc.nscc.sk\/en\/wp-json\/wp\/v2\/posts\/6033\/revisions\/6056"}],"wp:featuredmedia":[{"embeddable":true,"href":"https:\/\/eurocc.nscc.sk\/en\/wp-json\/wp\/v2\/media\/6042"}],"wp:attachment":[{"href":"https:\/\/eurocc.nscc.sk\/en\/wp-json\/wp\/v2\/media?parent=6033"}],"wp:term":[{"taxonomy":"category","embeddable":true,"href":"https:\/\/eurocc.nscc.sk\/en\/wp-json\/wp\/v2\/categories?post=6033"},{"taxonomy":"post_tag","embeddable":true,"href":"https:\/\/eurocc.nscc.sk\/en\/wp-json\/wp\/v2\/tags?post=6033"}],"curies":[{"name":"wp","href":"https:\/\/api.w.org\/{rel}","templated":true}]}}